{"id":33235,"date":"2026-08-10T13:47:02","date_gmt":"2026-08-10T16:47:02","guid":{"rendered":"https:\/\/leocut.com.ar\/web\/?p=33235"},"modified":"2026-08-10T14:10:35","modified_gmt":"2026-08-10T17:10:35","slug":"las-tendencias-capilares-2026-y-por-que-no-todas-te-van-a-favorecer","status":"publish","type":"post","link":"https:\/\/leocut.com.ar\/web\/las-tendencias-capilares-2026-y-por-que-no-todas-te-van-a-favorecer\/","title":{"rendered":"Las tendencias capilares 2026 (y por qu\u00e9 no todas te van a favorecer)"},"content":{"rendered":"<p class=\"font-claude-response-body break-words whitespace-normal\" dir=\"ltr\"><a href=\"https:\/\/leocut.com.ar\/web\/wp-content\/uploads\/2018\/04\/face.jpg\"><img loading=\"lazy\" decoding=\"async\" class=\"size-medium wp-image-11385 alignleft\" src=\"https:\/\/leocut.com.ar\/web\/wp-content\/uploads\/2018\/04\/face-300x300.jpg\" alt=\"\" width=\"300\" height=\"300\" srcset=\"https:\/\/leocut.com.ar\/web\/wp-content\/uploads\/2018\/04\/face-300x300.jpg 300w, https:\/\/leocut.com.ar\/web\/wp-content\/uploads\/2018\/04\/face-100x100.jpg 100w, https:\/\/leocut.com.ar\/web\/wp-content\/uploads\/2018\/04\/face-600x600.jpg 600w, https:\/\/leocut.com.ar\/web\/wp-content\/uploads\/2018\/04\/face-64x64.jpg 64w, https:\/\/leocut.com.ar\/web\/wp-content\/uploads\/2018\/04\/face-150x150.jpg 150w, https:\/\/leocut.com.ar\/web\/wp-content\/uploads\/2018\/04\/face-550x550.jpg 550w, https:\/\/leocut.com.ar\/web\/wp-content\/uploads\/2018\/04\/face.jpg 700w\" sizes=\"auto, (max-width: 300px) 100vw, 300px\" \/><\/a>Cada temporada trae nuevos nombres para el color y el corte del momento. Pero antes de pedir cualquiera de estos looks, hay una pregunta que suele quedar afuera de las redes sociales: \u00bfle conviene a tu cabello?<\/p>\n<p class=\"font-claude-response-body break-words whitespace-normal\" dir=\"ltr\">En LEOCUT creemos que una tendencia solo funciona cuando se adapta a tu tipo de cabello, tu rostro y tu rutina real \u2014 no al rev\u00e9s. As\u00ed que te contamos qu\u00e9 se viene este 2026, y qu\u00e9 mirar antes de decidirte.<\/p>\n<p class=\"font-claude-response-body break-words whitespace-normal\" dir=\"ltr\"><strong>Color: el a\u00f1o de los casta\u00f1os con profundidad<\/strong><\/p>\n<p class=\"font-claude-response-body break-words whitespace-normal\" dir=\"ltr\">El tono que domina la temporada es un casta\u00f1o intenso y luminoso, con reflejos que evitan el efecto plano \u2014 la industria lo bautiz\u00f3 &#8220;Espresso Martini&#8221;. Le sigue de cerca el rubio mantequilla, m\u00e1s c\u00e1lido y cremoso que el rubio platino que rein\u00f3 en temporadas anteriores.<\/p>\n<p class=\"font-claude-response-body break-words whitespace-normal\" dir=\"ltr\">Para quienes tienen canas y no quieren cubrirlas del todo, la t\u00e9cnica del momento es aclarar mechones puntuales cerca del rostro para que la canas se integren como parte del dise\u00f1o, en vez de ocultarlas.<\/p>\n<p class=\"font-claude-response-body break-words whitespace-normal\" dir=\"ltr\"><strong>Corte: estructura, pero con movimiento<\/strong><\/p>\n<p class=\"font-claude-response-body break-words whitespace-normal\" dir=\"ltr\">El bob vuelve a ser protagonista, esta vez con un acabado m\u00e1s pulido y brillante, a la altura de la mand\u00edbula. Para melenas largas, la tendencia son las capas invisibles: dan movimiento sin restarle largo ni densidad al cabello.<\/p>\n<p class=\"font-claude-response-body break-words whitespace-normal\" dir=\"ltr\"><strong>La verdadera tendencia: menos mantenimiento, m\u00e1s naturalidad<\/strong><\/p>\n<p class=\"font-claude-response-body break-words whitespace-normal\" dir=\"ltr\">M\u00e1s all\u00e1 de nombres y fotos de Pinterest, lo que se repite en todas las pasarelas es la misma idea: colores y cortes que no dependan de visitas semanales al sal\u00f3n para verse bien. Se busca un cabello con aspecto saludable, no un resultado que se sostenga solo con planchita y producto todos los d\u00edas.<\/p>\n<p class=\"font-claude-response-body break-words whitespace-normal\" dir=\"ltr\"><strong>\u00bfCu\u00e1l de estas tendencias te conviene a vos?<\/strong><\/p>\n<p class=\"font-claude-response-body break-words whitespace-normal\" dir=\"ltr\">Ninguna tendencia es universal. Un casta\u00f1o profundo puede iluminar un rostro y apagar otro; un bob estructurado puede favorecer una textura de cabello y ser un dolor de cabeza diario con otra. Por eso, antes de pedir cualquiera de estos looks, hac\u00e9 tu diagn\u00f3stico capilar \u2014 es sin cargo, y es el paso que define si la tendencia te va a quedar bien a vos, o solo en la foto.<\/p>\n<p class=\"font-claude-response-body break-words whitespace-normal\" dir=\"ltr\"><em>Reserv\u00e1 tu diagn\u00f3stico en leocut.com.ar<\/em><\/p>\n","protected":false},"excerpt":{"rendered":"<p>Cada temporada trae nuevos nombres para el color y el corte del momento. Pero antes de pedir cualquiera de estos looks, hay una pregunta que suele quedar afuera de las redes sociales: \u00bfle conviene a tu cabello? En LEOCUT creemos [&hellip;]<\/p>\n","protected":false},"author":2,"featured_media":11272,"comment_status":"open","ping_status":"open","sticky":false,"template":"","format":"standard","meta":{"_joinchat":[],"footnotes":""},"categories":[177],"tags":[],"class_list":["post-33235","post","type-post","status-publish","format-standard","has-post-thumbnail","hentry","category-noticias"],"yoast_head":"<!-- This site is optimized with the Yoast SEO plugin v28.4 - https:\/\/yoast.com\/product\/yoast-seo-wordpress\/ -->\n<title>Las tendencias capilares 2026 (y por qu\u00e9 no todas te van a favorecer) | LEOCUT\u00ae Mendoza<\/title>\n<meta name=\"description\" content=\"Peluquer\u00eda y sal\u00f3n de belleza en Mendoza. Diagn\u00f3stico capilar profesional antes de cada servicio \u2014 LEOCUT\u00ae City, Maison y Espejo.\" \/>\n<meta name=\"robots\" content=\"index, follow, max-snippet:-1, max-image-preview:large, max-video-preview:-1\" \/>\n<link rel=\"canonical\" href=\"https:\/\/leocut.com.ar\/web\/las-tendencias-capilares-2026-y-por-que-no-todas-te-van-a-favorecer\/\" \/>\n<meta property=\"og:locale\" content=\"es_ES\" \/>\n<meta property=\"og:type\" content=\"article\" \/>\n<meta property=\"og:title\" content=\"Las tendencias capilares 2026 (y por qu\u00e9 no todas te van a favorecer) | LEOCUT\u00ae Mendoza\" \/>\n<meta property=\"og:description\" content=\"Peluquer\u00eda y sal\u00f3n de belleza en Mendoza. Diagn\u00f3stico capilar profesional antes de cada servicio \u2014 LEOCUT\u00ae City, Maison y Espejo.\" \/>\n<meta property=\"og:url\" content=\"https:\/\/leocut.com.ar\/web\/las-tendencias-capilares-2026-y-por-que-no-todas-te-van-a-favorecer\/\" \/>\n<meta property=\"og:site_name\" content=\"LEOCUT\u00ae\" \/>\n<meta property=\"article:publisher\" content=\"https:\/\/www.facebook.com\/Leocut\/\" \/>\n<meta property=\"article:published_time\" content=\"2026-08-10T16:47:02+00:00\" \/>\n<meta property=\"article:modified_time\" content=\"2026-08-10T17:10:35+00:00\" \/>\n<meta property=\"og:image\" content=\"https:\/\/leocut.com.ar\/web\/wp-content\/uploads\/2018\/04\/116435921_3850639874962813_836974360394763529_n.jpg\" \/>\n\t<meta property=\"og:image:width\" content=\"700\" \/>\n\t<meta property=\"og:image:height\" content=\"700\" \/>\n\t<meta property=\"og:image:type\" content=\"image\/jpeg\" \/>\n<meta name=\"author\" content=\"Administrador General\" \/>\n<meta name=\"twitter:card\" content=\"summary_large_image\" \/>\n<meta name=\"twitter:creator\" content=\"@leocutmza\" \/>\n<meta name=\"twitter:site\" content=\"@leocutmza\" \/>\n<meta name=\"twitter:label1\" content=\"Escrito por\" \/>\n\t<meta name=\"twitter:data1\" content=\"Administrador General\" \/>\n\t<meta name=\"twitter:label2\" content=\"Tiempo de lectura\" \/>\n\t<meta name=\"twitter:data2\" content=\"3 minutos\" \/>\n<script type=\"application\/ld+json\" class=\"yoast-schema-graph\">{\"@context\":\"https:\\\/\\\/schema.org\",\"@graph\":[{\"@type\":\"Article\",\"@id\":\"https:\\\/\\\/leocut.com.ar\\\/web\\\/las-tendencias-capilares-2026-y-por-que-no-todas-te-van-a-favorecer\\\/#article\",\"isPartOf\":{\"@id\":\"https:\\\/\\\/leocut.com.ar\\\/web\\\/las-tendencias-capilares-2026-y-por-que-no-todas-te-van-a-favorecer\\\/\"},\"author\":{\"name\":\"Administrador General\",\"@id\":\"https:\\\/\\\/leocut.com.ar\\\/web\\\/#\\\/schema\\\/person\\\/19cba06bae8b7f6f528dc56537ba9b91\"},\"headline\":\"Las tendencias capilares 2026 (y por qu\u00e9 no todas te van a favorecer)\",\"datePublished\":\"2026-08-10T16:47:02+00:00\",\"dateModified\":\"2026-08-10T17:10:35+00:00\",\"mainEntityOfPage\":{\"@id\":\"https:\\\/\\\/leocut.com.ar\\\/web\\\/las-tendencias-capilares-2026-y-por-que-no-todas-te-van-a-favorecer\\\/\"},\"wordCount\":384,\"commentCount\":0,\"publisher\":{\"@id\":\"https:\\\/\\\/leocut.com.ar\\\/web\\\/#organization\"},\"image\":{\"@id\":\"https:\\\/\\\/leocut.com.ar\\\/web\\\/las-tendencias-capilares-2026-y-por-que-no-todas-te-van-a-favorecer\\\/#primaryimage\"},\"thumbnailUrl\":\"https:\\\/\\\/leocut.com.ar\\\/web\\\/wp-content\\\/uploads\\\/2018\\\/04\\\/116435921_3850639874962813_836974360394763529_n.jpg\",\"articleSection\":[\"NOTICIAS\"],\"inLanguage\":\"es-AR\",\"potentialAction\":[{\"@type\":\"CommentAction\",\"name\":\"Comment\",\"target\":[\"https:\\\/\\\/leocut.com.ar\\\/web\\\/las-tendencias-capilares-2026-y-por-que-no-todas-te-van-a-favorecer\\\/#respond\"]}]},{\"@type\":\"WebPage\",\"@id\":\"https:\\\/\\\/leocut.com.ar\\\/web\\\/las-tendencias-capilares-2026-y-por-que-no-todas-te-van-a-favorecer\\\/\",\"url\":\"https:\\\/\\\/leocut.com.ar\\\/web\\\/las-tendencias-capilares-2026-y-por-que-no-todas-te-van-a-favorecer\\\/\",\"name\":\"Las tendencias capilares 2026 (y por qu\u00e9 no todas te van a favorecer) | LEOCUT\u00ae Mendoza\",\"isPartOf\":{\"@id\":\"https:\\\/\\\/leocut.com.ar\\\/web\\\/#website\"},\"primaryImageOfPage\":{\"@id\":\"https:\\\/\\\/leocut.com.ar\\\/web\\\/las-tendencias-capilares-2026-y-por-que-no-todas-te-van-a-favorecer\\\/#primaryimage\"},\"image\":{\"@id\":\"https:\\\/\\\/leocut.com.ar\\\/web\\\/las-tendencias-capilares-2026-y-por-que-no-todas-te-van-a-favorecer\\\/#primaryimage\"},\"thumbnailUrl\":\"https:\\\/\\\/leocut.com.ar\\\/web\\\/wp-content\\\/uploads\\\/2018\\\/04\\\/116435921_3850639874962813_836974360394763529_n.jpg\",\"datePublished\":\"2026-08-10T16:47:02+00:00\",\"dateModified\":\"2026-08-10T17:10:35+00:00\",\"description\":\"Peluquer\u00eda y sal\u00f3n de belleza en Mendoza. Diagn\u00f3stico capilar profesional antes de cada servicio \u2014 LEOCUT\u00ae City, Maison y Espejo.\",\"breadcrumb\":{\"@id\":\"https:\\\/\\\/leocut.com.ar\\\/web\\\/las-tendencias-capilares-2026-y-por-que-no-todas-te-van-a-favorecer\\\/#breadcrumb\"},\"inLanguage\":\"es-AR\",\"potentialAction\":[{\"@type\":\"ReadAction\",\"target\":[\"https:\\\/\\\/leocut.com.ar\\\/web\\\/las-tendencias-capilares-2026-y-por-que-no-todas-te-van-a-favorecer\\\/\"]}]},{\"@type\":\"ImageObject\",\"inLanguage\":\"es-AR\",\"@id\":\"https:\\\/\\\/leocut.com.ar\\\/web\\\/las-tendencias-capilares-2026-y-por-que-no-todas-te-van-a-favorecer\\\/#primaryimage\",\"url\":\"https:\\\/\\\/leocut.com.ar\\\/web\\\/wp-content\\\/uploads\\\/2018\\\/04\\\/116435921_3850639874962813_836974360394763529_n.jpg\",\"contentUrl\":\"https:\\\/\\\/leocut.com.ar\\\/web\\\/wp-content\\\/uploads\\\/2018\\\/04\\\/116435921_3850639874962813_836974360394763529_n.jpg\",\"width\":700,\"height\":700,\"caption\":\"LEOCUT MENDOZA\"},{\"@type\":\"BreadcrumbList\",\"@id\":\"https:\\\/\\\/leocut.com.ar\\\/web\\\/las-tendencias-capilares-2026-y-por-que-no-todas-te-van-a-favorecer\\\/#breadcrumb\",\"itemListElement\":[{\"@type\":\"ListItem\",\"position\":1,\"name\":\"Inicio\",\"item\":\"https:\\\/\\\/leocut.com.ar\\\/web\\\/\"},{\"@type\":\"ListItem\",\"position\":2,\"name\":\"Las tendencias capilares 2026 (y por qu\u00e9 no todas te van a favorecer)\"}]},{\"@type\":\"WebSite\",\"@id\":\"https:\\\/\\\/leocut.com.ar\\\/web\\\/#website\",\"url\":\"https:\\\/\\\/leocut.com.ar\\\/web\\\/\",\"name\":\"LEOCUT\u00ae\",\"description\":\"Peluquer\u00eda y sal\u00f3n de belleza en Mendoza\",\"publisher\":{\"@id\":\"https:\\\/\\\/leocut.com.ar\\\/web\\\/#organization\"},\"alternateName\":\"LEOCUT\u00ae Peluqueros\",\"potentialAction\":[{\"@type\":\"SearchAction\",\"target\":{\"@type\":\"EntryPoint\",\"urlTemplate\":\"https:\\\/\\\/leocut.com.ar\\\/web\\\/?s={search_term_string}\"},\"query-input\":{\"@type\":\"PropertyValueSpecification\",\"valueRequired\":true,\"valueName\":\"search_term_string\"}}],\"inLanguage\":\"es-AR\"},{\"@type\":\"Organization\",\"@id\":\"https:\\\/\\\/leocut.com.ar\\\/web\\\/#organization\",\"name\":\"LEOCUT\u00ae\",\"alternateName\":\"LEOCUT\u00ae Peluqueros\",\"url\":\"https:\\\/\\\/leocut.com.ar\\\/web\\\/\",\"logo\":{\"@type\":\"ImageObject\",\"inLanguage\":\"es-AR\",\"@id\":\"https:\\\/\\\/leocut.com.ar\\\/web\\\/#\\\/schema\\\/logo\\\/image\\\/\",\"url\":\"https:\\\/\\\/leocut.com.ar\\\/web\\\/wp-content\\\/uploads\\\/2020\\\/08\\\/logo.png\",\"contentUrl\":\"https:\\\/\\\/leocut.com.ar\\\/web\\\/wp-content\\\/uploads\\\/2020\\\/08\\\/logo.png\",\"width\":800,\"height\":800,\"caption\":\"LEOCUT\u00ae\"},\"image\":{\"@id\":\"https:\\\/\\\/leocut.com.ar\\\/web\\\/#\\\/schema\\\/logo\\\/image\\\/\"},\"sameAs\":[\"https:\\\/\\\/www.facebook.com\\\/Leocut\\\/\",\"https:\\\/\\\/x.com\\\/leocutmza\",\"https:\\\/\\\/www.instagram.com\\\/leocutmza\\\/\"]},{\"@type\":\"Person\",\"@id\":\"https:\\\/\\\/leocut.com.ar\\\/web\\\/#\\\/schema\\\/person\\\/19cba06bae8b7f6f528dc56537ba9b91\",\"name\":\"Administrador General\",\"image\":{\"@type\":\"ImageObject\",\"inLanguage\":\"es-AR\",\"@id\":\"https:\\\/\\\/secure.gravatar.com\\\/avatar\\\/d24c1662686dbcca4813aa0ccfec0ddf68fc87e9b2ba9f9c4316e423ad20f4bc?s=96&d=blank&r=g\",\"url\":\"https:\\\/\\\/secure.gravatar.com\\\/avatar\\\/d24c1662686dbcca4813aa0ccfec0ddf68fc87e9b2ba9f9c4316e423ad20f4bc?s=96&d=blank&r=g\",\"contentUrl\":\"https:\\\/\\\/secure.gravatar.com\\\/avatar\\\/d24c1662686dbcca4813aa0ccfec0ddf68fc87e9b2ba9f9c4316e423ad20f4bc?s=96&d=blank&r=g\",\"caption\":\"Administrador General\"},\"url\":\"https:\\\/\\\/leocut.com.ar\\\/web\\\/author\\\/ab000204\\\/\"}]}<\/script>\n<!-- \/ Yoast SEO plugin. -->","yoast_head_json":{"title":"Las tendencias capilares 2026 (y por qu\u00e9 no todas te van a favorecer) | LEOCUT\u00ae Mendoza","description":"Peluquer\u00eda y sal\u00f3n de belleza en Mendoza. Diagn\u00f3stico capilar profesional antes de cada servicio \u2014 LEOCUT\u00ae City, Maison y Espejo.","robots":{"index":"index","follow":"follow","max-snippet":"max-snippet:-1","max-image-preview":"max-image-preview:large","max-video-preview":"max-video-preview:-1"},"canonical":"https:\/\/leocut.com.ar\/web\/las-tendencias-capilares-2026-y-por-que-no-todas-te-van-a-favorecer\/","og_locale":"es_ES","og_type":"article","og_title":"Las tendencias capilares 2026 (y por qu\u00e9 no todas te van a favorecer) | LEOCUT\u00ae Mendoza","og_description":"Peluquer\u00eda y sal\u00f3n de belleza en Mendoza. Diagn\u00f3stico capilar profesional antes de cada servicio \u2014 LEOCUT\u00ae City, Maison y Espejo.","og_url":"https:\/\/leocut.com.ar\/web\/las-tendencias-capilares-2026-y-por-que-no-todas-te-van-a-favorecer\/","og_site_name":"LEOCUT\u00ae","article_publisher":"https:\/\/www.facebook.com\/Leocut\/","article_published_time":"2026-08-10T16:47:02+00:00","article_modified_time":"2026-08-10T17:10:35+00:00","og_image":[{"width":700,"height":700,"url":"https:\/\/leocut.com.ar\/web\/wp-content\/uploads\/2018\/04\/116435921_3850639874962813_836974360394763529_n.jpg","type":"image\/jpeg"}],"author":"Administrador General","twitter_card":"summary_large_image","twitter_creator":"@leocutmza","twitter_site":"@leocutmza","twitter_misc":{"Escrito por":"Administrador General","Tiempo de lectura":"3 minutos"},"schema":{"@context":"https:\/\/schema.org","@graph":[{"@type":"Article","@id":"https:\/\/leocut.com.ar\/web\/las-tendencias-capilares-2026-y-por-que-no-todas-te-van-a-favorecer\/#article","isPartOf":{"@id":"https:\/\/leocut.com.ar\/web\/las-tendencias-capilares-2026-y-por-que-no-todas-te-van-a-favorecer\/"},"author":{"name":"Administrador General","@id":"https:\/\/leocut.com.ar\/web\/#\/schema\/person\/19cba06bae8b7f6f528dc56537ba9b91"},"headline":"Las tendencias capilares 2026 (y por qu\u00e9 no todas te van a favorecer)","datePublished":"2026-08-10T16:47:02+00:00","dateModified":"2026-08-10T17:10:35+00:00","mainEntityOfPage":{"@id":"https:\/\/leocut.com.ar\/web\/las-tendencias-capilares-2026-y-por-que-no-todas-te-van-a-favorecer\/"},"wordCount":384,"commentCount":0,"publisher":{"@id":"https:\/\/leocut.com.ar\/web\/#organization"},"image":{"@id":"https:\/\/leocut.com.ar\/web\/las-tendencias-capilares-2026-y-por-que-no-todas-te-van-a-favorecer\/#primaryimage"},"thumbnailUrl":"https:\/\/leocut.com.ar\/web\/wp-content\/uploads\/2018\/04\/116435921_3850639874962813_836974360394763529_n.jpg","articleSection":["NOTICIAS"],"inLanguage":"es-AR","potentialAction":[{"@type":"CommentAction","name":"Comment","target":["https:\/\/leocut.com.ar\/web\/las-tendencias-capilares-2026-y-por-que-no-todas-te-van-a-favorecer\/#respond"]}]},{"@type":"WebPage","@id":"https:\/\/leocut.com.ar\/web\/las-tendencias-capilares-2026-y-por-que-no-todas-te-van-a-favorecer\/","url":"https:\/\/leocut.com.ar\/web\/las-tendencias-capilares-2026-y-por-que-no-todas-te-van-a-favorecer\/","name":"Las tendencias capilares 2026 (y por qu\u00e9 no todas te van a favorecer) | LEOCUT\u00ae Mendoza","isPartOf":{"@id":"https:\/\/leocut.com.ar\/web\/#website"},"primaryImageOfPage":{"@id":"https:\/\/leocut.com.ar\/web\/las-tendencias-capilares-2026-y-por-que-no-todas-te-van-a-favorecer\/#primaryimage"},"image":{"@id":"https:\/\/leocut.com.ar\/web\/las-tendencias-capilares-2026-y-por-que-no-todas-te-van-a-favorecer\/#primaryimage"},"thumbnailUrl":"https:\/\/leocut.com.ar\/web\/wp-content\/uploads\/2018\/04\/116435921_3850639874962813_836974360394763529_n.jpg","datePublished":"2026-08-10T16:47:02+00:00","dateModified":"2026-08-10T17:10:35+00:00","description":"Peluquer\u00eda y sal\u00f3n de belleza en Mendoza. Diagn\u00f3stico capilar profesional antes de cada servicio \u2014 LEOCUT\u00ae City, Maison y Espejo.","breadcrumb":{"@id":"https:\/\/leocut.com.ar\/web\/las-tendencias-capilares-2026-y-por-que-no-todas-te-van-a-favorecer\/#breadcrumb"},"inLanguage":"es-AR","potentialAction":[{"@type":"ReadAction","target":["https:\/\/leocut.com.ar\/web\/las-tendencias-capilares-2026-y-por-que-no-todas-te-van-a-favorecer\/"]}]},{"@type":"ImageObject","inLanguage":"es-AR","@id":"https:\/\/leocut.com.ar\/web\/las-tendencias-capilares-2026-y-por-que-no-todas-te-van-a-favorecer\/#primaryimage","url":"https:\/\/leocut.com.ar\/web\/wp-content\/uploads\/2018\/04\/116435921_3850639874962813_836974360394763529_n.jpg","contentUrl":"https:\/\/leocut.com.ar\/web\/wp-content\/uploads\/2018\/04\/116435921_3850639874962813_836974360394763529_n.jpg","width":700,"height":700,"caption":"LEOCUT MENDOZA"},{"@type":"BreadcrumbList","@id":"https:\/\/leocut.com.ar\/web\/las-tendencias-capilares-2026-y-por-que-no-todas-te-van-a-favorecer\/#breadcrumb","itemListElement":[{"@type":"ListItem","position":1,"name":"Inicio","item":"https:\/\/leocut.com.ar\/web\/"},{"@type":"ListItem","position":2,"name":"Las tendencias capilares 2026 (y por qu\u00e9 no todas te van a favorecer)"}]},{"@type":"WebSite","@id":"https:\/\/leocut.com.ar\/web\/#website","url":"https:\/\/leocut.com.ar\/web\/","name":"LEOCUT\u00ae","description":"Peluquer\u00eda y sal\u00f3n de belleza en Mendoza","publisher":{"@id":"https:\/\/leocut.com.ar\/web\/#organization"},"alternateName":"LEOCUT\u00ae Peluqueros","potentialAction":[{"@type":"SearchAction","target":{"@type":"EntryPoint","urlTemplate":"https:\/\/leocut.com.ar\/web\/?s={search_term_string}"},"query-input":{"@type":"PropertyValueSpecification","valueRequired":true,"valueName":"search_term_string"}}],"inLanguage":"es-AR"},{"@type":"Organization","@id":"https:\/\/leocut.com.ar\/web\/#organization","name":"LEOCUT\u00ae","alternateName":"LEOCUT\u00ae Peluqueros","url":"https:\/\/leocut.com.ar\/web\/","logo":{"@type":"ImageObject","inLanguage":"es-AR","@id":"https:\/\/leocut.com.ar\/web\/#\/schema\/logo\/image\/","url":"https:\/\/leocut.com.ar\/web\/wp-content\/uploads\/2020\/08\/logo.png","contentUrl":"https:\/\/leocut.com.ar\/web\/wp-content\/uploads\/2020\/08\/logo.png","width":800,"height":800,"caption":"LEOCUT\u00ae"},"image":{"@id":"https:\/\/leocut.com.ar\/web\/#\/schema\/logo\/image\/"},"sameAs":["https:\/\/www.facebook.com\/Leocut\/","https:\/\/x.com\/leocutmza","https:\/\/www.instagram.com\/leocutmza\/"]},{"@type":"Person","@id":"https:\/\/leocut.com.ar\/web\/#\/schema\/person\/19cba06bae8b7f6f528dc56537ba9b91","name":"Administrador General","image":{"@type":"ImageObject","inLanguage":"es-AR","@id":"https:\/\/secure.gravatar.com\/avatar\/d24c1662686dbcca4813aa0ccfec0ddf68fc87e9b2ba9f9c4316e423ad20f4bc?s=96&d=blank&r=g","url":"https:\/\/secure.gravatar.com\/avatar\/d24c1662686dbcca4813aa0ccfec0ddf68fc87e9b2ba9f9c4316e423ad20f4bc?s=96&d=blank&r=g","contentUrl":"https:\/\/secure.gravatar.com\/avatar\/d24c1662686dbcca4813aa0ccfec0ddf68fc87e9b2ba9f9c4316e423ad20f4bc?s=96&d=blank&r=g","caption":"Administrador General"},"url":"https:\/\/leocut.com.ar\/web\/author\/ab000204\/"}]}},"_links":{"self":[{"href":"https:\/\/leocut.com.ar\/web\/wp-json\/wp\/v2\/posts\/33235","targetHints":{"allow":["GET"]}}],"collection":[{"href":"https:\/\/leocut.com.ar\/web\/wp-json\/wp\/v2\/posts"}],"about":[{"href":"https:\/\/leocut.com.ar\/web\/wp-json\/wp\/v2\/types\/post"}],"author":[{"embeddable":true,"href":"https:\/\/leocut.com.ar\/web\/wp-json\/wp\/v2\/users\/2"}],"replies":[{"embeddable":true,"href":"https:\/\/leocut.com.ar\/web\/wp-json\/wp\/v2\/comments?post=33235"}],"version-history":[{"count":3,"href":"https:\/\/leocut.com.ar\/web\/wp-json\/wp\/v2\/posts\/33235\/revisions"}],"predecessor-version":[{"id":33238,"href":"https:\/\/leocut.com.ar\/web\/wp-json\/wp\/v2\/posts\/33235\/revisions\/33238"}],"wp:featuredmedia":[{"embeddable":true,"href":"https:\/\/leocut.com.ar\/web\/wp-json\/wp\/v2\/media\/11272"}],"wp:attachment":[{"href":"https:\/\/leocut.com.ar\/web\/wp-json\/wp\/v2\/media?parent=33235"}],"wp:term":[{"taxonomy":"category","embeddable":true,"href":"https:\/\/leocut.com.ar\/web\/wp-json\/wp\/v2\/categories?post=33235"},{"taxonomy":"post_tag","embeddable":true,"href":"https:\/\/leocut.com.ar\/web\/wp-json\/wp\/v2\/tags?post=33235"}],"curies":[{"name":"wp","href":"https:\/\/api.w.org\/{rel}","templated":true}]}}